{"id":55212,"date":"2026-03-04T11:33:58","date_gmt":"2026-03-04T10:33:58","guid":{"rendered":"https:\/\/fgu.cas.cz\/?p=55212"},"modified":"2026-03-04T11:51:05","modified_gmt":"2026-03-04T10:51:05","slug":"visit-brain-awarness-week-with-scientists-from-iphys-march-9-15-2026","status":"publish","type":"post","link":"https:\/\/fgu.cas.cz\/en\/2026\/03\/visit-brain-awarness-week-with-scientists-from-iphys-march-9-15-2026\/","title":{"rendered":"Visit Brain Awarness Week with scientists from IPHYS, March 9\u201315, 2026"},"content":{"rendered":"<p class=\"my-2 [&amp;+p]:mt-4 [&amp;_strong:has(+br)]:inline-block [&amp;_strong:has(+br)]:pb-2\">Scientists from IPHYS will again actively participate in the programme of the Czech Academy of Sciences\u2019 outreach event Brain Awarness Week (9\u201315 March) and have prepared three lectures and one workshop that together present the brain as a dynamic organ of constant communication, information processing, and internal timing.<\/p>\n<p class=\"my-2 [&amp;+p]:mt-4 [&amp;_strong:has(+br)]:inline-block [&amp;_strong:has(+br)]:pb-2\">The lecture \u201e<a href=\"https:\/\/www.tydenmozku.cz\/program\/akce?id=527&amp;a=jak-spolu-nervove-bunky-komunikuji-\" target=\"_blank\" rel=\"noopener\">Jak spolu nervov\u00e9 bu\u0148ky komunikuj\u00ed?<\/a>\u201c will take us into the world of synapses, where neurons exchange electrical and chemical signals that give rise to memory, learning, and thinking itself. The lecture \u201e<a href=\"https:\/\/www.tydenmozku.cz\/program\/akce?id=518&amp;a=jak-mozek-zpracovava-zrakove-podnety-dva-zrakove-proudy-a-jejich-komunikace\" target=\"_blank\" rel=\"noopener\">Jak mozek zpracov\u00e1v\u00e1 zrakov\u00e9 podn\u011bty: dva zrakov\u00e9 proudy a jejich komunikace<\/a>\u201c will show how the brain divides visual information into a pathway determining what we see and a pathway determining where it is located, and how their interplay enables smooth spatial orientation. The lecture \u201c<a href=\"https:\/\/www.tydenmozku.cz\/program\/akce?id=513&amp;a=nacasovani-je-klic-jak-nas-ridi-biologicke-hodiny\" target=\"_blank\" rel=\"noopener\">Na\u010dasov\u00e1n\u00ed je kl\u00ed\u010d: Jak n\u00e1s \u0159\u00edd\u00ed biologick\u00e9 hodiny<\/a>\u201d will explain how the internal circadian system, in sync with the day-night cycle, affects sleep, attention, and performance. And the workshop \u201c<a href=\"https:\/\/www.tydenmozku.cz\/program\/akce?id=467&amp;a=rytmus-zivota-ve-svetle-i-ve-tme\" target=\"_blank\" rel=\"noopener\">Rytmus \u017eivota ve sv\u011btle i ve tm\u011b<\/a>\u201d, which is also suitable for children, will offer a practical look at how light and darkness shape our biological rhythms and how we can consciously work with them.<\/p>\n<p class=\"my-2 [&amp;+p]:mt-4 [&amp;_strong:has(+br)]:inline-block [&amp;_strong:has(+br)]:pb-2\">Together, these events reveal the brain as a finely tuned system in which communication, perception, and timing form a unified whole. You can find more information and additional lectures <a href=\"https:\/\/www.tydenmozku.cz\/\" target=\"_blank\" rel=\"noopener\">here<\/a>. So do not hesitate and come learn about new discoveries concerning the most important control organ of the human body.<\/p>\n<p class=\"my-2 [&amp;+p]:mt-4 [&amp;_strong:has(+br)]:inline-block [&amp;_strong:has(+br)]:pb-2\"><strong>Program of presentations of IPHYS research:<\/strong><br \/>\nMonday 9 March, 16:00 \u2013 <span style=\"font-size: 11.0pt; font-family: 'Noto Serif',serif; color: black;\"><strong>Na\u010dasov\u00e1n\u00ed je kl\u00ed\u010d: Jak n\u00e1s \u0159\u00edd\u00ed biologick\u00e9 hodiny<\/strong> (<\/span>Timing Is the Key: How We Are Governed by Our Biological Clock) <span style=\"color: #000000; font-family: 'Noto Serif', serif; font-size: 14.6667px;\">(lecture by\u00a0<\/span><a style=\"font-family: &#039;Noto Serif&#039;, serif; font-size: 14.6667px;\" href=\"https:\/\/fgu.cas.cz\/en\/profil\/mgr-tereza-dockal\/\">Tereza Do\u010dkal<\/a><span style=\"color: #000000; font-family: 'Noto Serif', serif; font-size: 14.6667px;\">)<\/span><\/p>\n<p class=\"my-2 [&amp;+p]:mt-4 [&amp;_strong:has(+br)]:inline-block [&amp;_strong:has(+br)]:pb-2\">Tuesday 10 March, 11:00 \u2013\u00a0<strong style=\"color: #000000; font-family: 'Noto Serif', serif; font-size: 14.6667px;\">Jak spolu nervov\u00e9 bu\u0148ky komunikuj\u00ed?<\/strong><span style=\"color: #000000; font-family: 'Noto Serif', serif; font-size: 14.6667px;\">\u00a0<\/span>How Do Nerve Cells Communicate? (lecture by\u00a0<a style=\"font-family: &#039;Noto Serif&#039;, serif; font-size: 14.6667px;\" href=\"https:\/\/fgu.cas.cz\/en\/profil\/rndr-barbora-krausova-ph-d\/\">Barbora Hr\u010dka-Krausov\u00e1<\/a>)<\/p>\n<p class=\"my-2 [&amp;+p]:mt-4 [&amp;_strong:has(+br)]:inline-block [&amp;_strong:has(+br)]:pb-2\">Thursday 12 March, 9:00 \u2013\u00a0<strong style=\"color: #000000; font-family: 'Noto Serif', serif; font-size: 14.6667px;\">Jak mozek zpracov\u00e1v\u00e1 zrakov\u00e9 podn\u011bty: dva zrakov\u00e9 proudy a jejich komunikace <\/strong>(How the Brain Processes Visual Stimuli: Two Visual Streams and Their Communication) (lecture by <a style=\"font-family: &#039;Noto Serif&#039;, serif; font-size: 14.6667px;\" href=\"https:\/\/fgu.cas.cz\/en\/profil\/mgr-kamil-vlcek-ph-d\/\">Kamil Vl\u010dek<\/a>)<\/p>\n<p class=\"my-2 [&amp;+p]:mt-4 [&amp;_strong:has(+br)]:inline-block [&amp;_strong:has(+br)]:pb-2\">Sunday 15 March, 10:00\u201313:00; 13:15\u201316:00 \u2013\u00a0<strong style=\"color: #000000; font-family: 'Noto Serif', serif; font-size: 14.6667px;\">Rytmus \u017eivota ve sv\u011btle i ve tm\u011b <\/strong>(The Rhythm of Life in Light and Darkness) (workshop by the <a href=\"https:\/\/fgu.cas.cz\/en\/research-and-laboratories\/research-departments\/laboratory-of-biological-rhythms\/\">Laboratory of Biological Rythms<\/a>)<\/p>\n<p>&nbsp;<\/p>\n","protected":false},"excerpt":{"rendered":"<p>Scientists from IPHYS will again actively participate in the programme of the Czech Academy of Sciences\u2019 outreach event Brain Awarness Week (9\u201315 March) and have prepared three lectures and one workshop that together present the brain as a dynamic organ of constant communication, information processing, and internal timing. The lecture \u201eJak spolu nervov\u00e9 bu\u0148ky komunikuj\u00ed?\u201c [&hellip;]<\/p>\n","protected":false},"author":11,"featured_media":55209,"comment_status":"closed","ping_status":"closed","sticky":false,"template":"","format":"standard","meta":{"_acf_changed":false,"inline_featured_image":false,"footnotes":""},"categories":[278],"tags":[],"class_list":["post-55212","post","type-post","status-publish","format-standard","has-post-thumbnail","hentry","category-popularization"],"acf":[],"_links":{"self":[{"href":"https:\/\/fgu.cas.cz\/en\/wp-json\/wp\/v2\/posts\/55212","targetHints":{"allow":["GET"]}}],"collection":[{"href":"https:\/\/fgu.cas.cz\/en\/wp-json\/wp\/v2\/posts"}],"about":[{"href":"https:\/\/fgu.cas.cz\/en\/wp-json\/wp\/v2\/types\/post"}],"author":[{"embeddable":true,"href":"https:\/\/fgu.cas.cz\/en\/wp-json\/wp\/v2\/users\/11"}],"replies":[{"embeddable":true,"href":"https:\/\/fgu.cas.cz\/en\/wp-json\/wp\/v2\/comments?post=55212"}],"version-history":[{"count":0,"href":"https:\/\/fgu.cas.cz\/en\/wp-json\/wp\/v2\/posts\/55212\/revisions"}],"wp:featuredmedia":[{"embeddable":true,"href":"https:\/\/fgu.cas.cz\/en\/wp-json\/wp\/v2\/media\/55209"}],"wp:attachment":[{"href":"https:\/\/fgu.cas.cz\/en\/wp-json\/wp\/v2\/media?parent=55212"}],"wp:term":[{"taxonomy":"category","embeddable":true,"href":"https:\/\/fgu.cas.cz\/en\/wp-json\/wp\/v2\/categories?post=55212"},{"taxonomy":"post_tag","embeddable":true,"href":"https:\/\/fgu.cas.cz\/en\/wp-json\/wp\/v2\/tags?post=55212"}],"curies":[{"name":"wp","href":"https:\/\/api.w.org\/{rel}","templated":true}]}}