{"id":55365,"date":"2026-03-17T19:37:05","date_gmt":"2026-03-17T18:37:05","guid":{"rendered":"https:\/\/fgu.cas.cz\/?p=55365"},"modified":"2026-03-17T19:51:19","modified_gmt":"2026-03-17T18:51:19","slug":"the-workshop-rhythm-of-life-in-light-and-darkness-attracted-over-200-visitors","status":"publish","type":"post","link":"https:\/\/fgu.cas.cz\/en\/2026\/03\/the-workshop-rhythm-of-life-in-light-and-darkness-attracted-over-200-visitors\/","title":{"rendered":"The workshop Rhythm of Life in Light and Darkness attracted over 200 visitors"},"content":{"rendered":"<blockquote>\n<p class=\"my-2 [&amp;+p]:mt-4 [&amp;_strong:has(+br)]:inline-block [&amp;_strong:has(+br)]:pb-2\">More than two hundred visitors interested in the\u00a0<a class=\"reset interactable cursor-pointer decoration-1 underline-offset-1 text-super hover:underline font-semibold\" href=\"https:\/\/www.tydenmozku.cz\/\" target=\"_blank\" rel=\"nofollow noopener\"><span class=\"text-box-trim-both\">Brain Awareness Week<\/span><\/a> organized by the Czech Academy of Sciences took part in the interactive presentation of IPHYS titled <em>&#8220;The Rhythm of Life in Light and Darkness&#8221;. <\/em>The workshop introduced participants to the world of invisible rhythms that constantly govern our lives and offered an insight into the work of researchers in the\u00a0<a class=\"reset interactable cursor-pointer decoration-1 underline-offset-1 text-super hover:underline font-semibold\" href=\"https:\/\/fgu.cas.cz\/en\/research-and-laboratories\/research-departments\/laboratory-of-biological-rhythms\/\" target=\"_blank\" rel=\"nofollow noopener\"><span class=\"text-box-trim-both\">field of circadian biology<\/span><\/a>: the fascinating science of biological clocks that synchronize with light yet continue ticking even in complete darkness.\u00a0Through a unique experience \u2014 equipped with night-vision goggles \u2014 visitors could explore what challenges scientists studying biological clocks face. They learned about how the human brain and eyes work, enjoyed entertaining optical illusions, and used laser beams to visualize how light signals travel from the eye to the brain.\u00a0Interactive magnetic clocks revealed, for example, when our muscles are the strongest during the day or when the \u201csleep\u201d hormone melatonin is produced at its peak. Using a fluorescence microscope, participants discovered that the main clocks in the brain controlling the body\u2019s daily rhythm are the suprachiasmatic nuclei \u2014 no larger than a poppy seed.\u00a0A major success of this year\u2019s event was the new quiz competition\u00a0<em>Kahoot! \u2013 The Sleepless Kangaroo<\/em>, where participants competed for the title of ChronoGuru. Due to high interest, an extra round was added, and nine lucky winners left with a cuddly kangaroo or an IPHYS T-shirt.<\/p>\n<p class=\"my-2 [&amp;+p]:mt-4 [&amp;_strong:has(+br)]:inline-block [&amp;_strong:has(+br)]:pb-2\">During Brain Awareness Week, also <a class=\"reset interactable cursor-pointer decoration-1 underline-offset-1 text-super hover:underline font-semibold\" href=\"https:\/\/fgu.cas.cz\/en\/profil\/mgr-tereza-dockal\/\" target=\"_blank\" rel=\"nofollow noopener\"><span class=\"text-box-trim-both\">Tereza Do\u010dkal<\/span><\/a>,\u00a0<a class=\"reset interactable cursor-pointer decoration-1 underline-offset-1 text-super hover:underline font-semibold\" href=\"https:\/\/fgu.cas.cz\/en\/profil\/rndr-barbora-krausova-ph-d\/\" target=\"_blank\" rel=\"nofollow noopener\"><span class=\"text-box-trim-both\">Barbora Hr\u010dka-Krausov\u00e1<\/span><\/a>, and\u00a0<a class=\"reset interactable cursor-pointer decoration-1 underline-offset-1 text-super hover:underline font-semibold\" href=\"https:\/\/fgu.cas.cz\/en\/profil\/mgr-kamil-vlcek-ph-d\/\" target=\"_blank\" rel=\"nofollow noopener\"><span class=\"text-box-trim-both\">Kamil Vl\u010dek<\/span><\/a> from IPHYS presented new findings in brain research through their <a class=\"reset interactable cursor-pointer decoration-1 underline-offset-1 text-super hover:underline font-semibold\" href=\"https:\/\/fgu.cas.cz\/en\/2026\/03\/visit-brain-awarness-week-with-scientists-from-iphys-march-9-15-2026\/\" target=\"_blank\" rel=\"nofollow noopener\"><span class=\"text-box-trim-both\">lectures<\/span><\/a>. A recording of one lecture is available online: \u201c<a class=\"reset interactable cursor-pointer decoration-1 underline-offset-1 text-super hover:underline font-semibold\" href=\"https:\/\/www.youtube.com\/watch?v=qlq7aRdfpck\" target=\"_blank\" rel=\"nofollow noopener\"><span class=\"text-box-trim-both\">How the Brain Processes Visual Stimuli: Two Visual Streams and Their Communication<\/span><\/a>\u201d by Kamil Vl\u010dek from the <a class=\"reset interactable cursor-pointer decoration-1 underline-offset-1 text-super hover:underline font-semibold\" href=\"https:\/\/fgu.cas.cz\/en\/research-and-laboratories\/research-departments\/laboratory-of-neurophysiology-of-memory\/\" target=\"_blank\" rel=\"nofollow noopener\"><span class=\"text-box-trim-both\">Laboratory of Neurophysiology of Memory<\/span><\/a>.<\/p>\n<p class=\"my-2 [&amp;+p]:mt-4 [&amp;_strong:has(+br)]:inline-block [&amp;_strong:has(+br)]:pb-2\">Our sincere thanks go to the students from the Laboratory of Biological Rhythms of IPHYS for preparing and presenting the activities, to the Division of External Relations of the Czech Academy of Sciences for their excellent logistical support and T-shirt design assistance, and to <a class=\"reset interactable cursor-pointer decoration-1 underline-offset-1 text-super hover:underline font-semibold\" href=\"https:\/\/svenbiolabs.cz\/\" target=\"_blank\" rel=\"nofollow noopener\"><span class=\"text-box-trim-both\">SVEN Biolabs<\/span><\/a> for lending the Olympus microscope.\u00a0Special thanks also to\u00a0<a class=\"reset interactable cursor-pointer decoration-1 underline-offset-1 text-super hover:underline font-semibold\" href=\"https:\/\/otevrenaveda.cz\/\" target=\"_blank\" rel=\"nofollow noopener\"><span class=\"text-box-trim-both\">Open Science<\/span><\/a> student participants from IPHYS \u2014 Barbora Kub\u00edkov\u00e1, Elen Klime\u0161ov\u00e1, and Veronika Himlarov\u00e1 \u2014 for enthusiastically joining the presentation.<\/p>\n<p class=\"my-2 [&amp;+p]:mt-4 [&amp;_strong:has(+br)]:inline-block [&amp;_strong:has(+br)]:pb-2\"><strong>Photos:<\/strong>\u00a0SS\u010c AV\u202f\u010cR, Veronika\u202fHimlarov\u00e1, Olga\u202fZimmermannov\u00e1, Pedro\u202fCadenato<\/p>\n<\/blockquote>\n<p>&nbsp;<\/p>\n<p>&nbsp;<\/p>\n","protected":false},"excerpt":{"rendered":"<p>More than two hundred visitors interested in the\u00a0Brain Awareness Week organized by the Czech Academy of Sciences took part in the interactive presentation of IPHYS titled &#8220;The Rhythm of Life in Light and Darkness&#8221;. The workshop introduced participants to the world of invisible rhythms that constantly govern our lives and offered an insight into the [&hellip;]<\/p>\n","protected":false},"author":11,"featured_media":55364,"comment_status":"closed","ping_status":"closed","sticky":false,"template":"","format":"standard","meta":{"_acf_changed":false,"inline_featured_image":false,"footnotes":""},"categories":[278],"tags":[],"class_list":["post-55365","post","type-post","status-publish","format-standard","has-post-thumbnail","hentry","category-popularization"],"acf":[],"_links":{"self":[{"href":"https:\/\/fgu.cas.cz\/en\/wp-json\/wp\/v2\/posts\/55365","targetHints":{"allow":["GET"]}}],"collection":[{"href":"https:\/\/fgu.cas.cz\/en\/wp-json\/wp\/v2\/posts"}],"about":[{"href":"https:\/\/fgu.cas.cz\/en\/wp-json\/wp\/v2\/types\/post"}],"author":[{"embeddable":true,"href":"https:\/\/fgu.cas.cz\/en\/wp-json\/wp\/v2\/users\/11"}],"replies":[{"embeddable":true,"href":"https:\/\/fgu.cas.cz\/en\/wp-json\/wp\/v2\/comments?post=55365"}],"version-history":[{"count":0,"href":"https:\/\/fgu.cas.cz\/en\/wp-json\/wp\/v2\/posts\/55365\/revisions"}],"wp:featuredmedia":[{"embeddable":true,"href":"https:\/\/fgu.cas.cz\/en\/wp-json\/wp\/v2\/media\/55364"}],"wp:attachment":[{"href":"https:\/\/fgu.cas.cz\/en\/wp-json\/wp\/v2\/media?parent=55365"}],"wp:term":[{"taxonomy":"category","embeddable":true,"href":"https:\/\/fgu.cas.cz\/en\/wp-json\/wp\/v2\/categories?post=55365"},{"taxonomy":"post_tag","embeddable":true,"href":"https:\/\/fgu.cas.cz\/en\/wp-json\/wp\/v2\/tags?post=55365"}],"curies":[{"name":"wp","href":"https:\/\/api.w.org\/{rel}","templated":true}]}}