{"id":6839,"date":"2016-12-15T00:00:00","date_gmt":"2016-12-14T23:00:00","guid":{"rendered":"https:\/\/fgu.antstudio.dev\/2016\/12\/verejne-sbirka-k-ziskani-penezitych-prostredku-na-pomoc-rodine-pavla-flachse\/"},"modified":"2024-07-23T11:37:19","modified_gmt":"2024-07-23T09:37:19","slug":"verejne-sbirka-k-ziskani-penezitych-prostredku-na-pomoc-rodine-pavla-flachse","status":"publish","type":"post","link":"https:\/\/fgu.cas.cz\/en\/2016\/12\/verejne-sbirka-k-ziskani-penezitych-prostredku-na-pomoc-rodine-pavla-flachse\/","title":{"rendered":"Verejn\u00e9 sb\u00edrka k&nbsp;z\u00edsk\u00e1n\u00ed pene\u017eit\u00fdch prostredku na pomoc rodine Pavla Flachse"},"content":{"rendered":"<p style=\"text-align: justify;\">V&nbsp;cervenci l.r. n\u00e1s opustil skvel\u00fd clovek a vynikaj\u00edc\u00ed vedec, RNDr. Pavel Flachs, Ph.D. Bylo mu necel\u00fdch 42 let. Fyziologick\u00fd \u00fastav, kde Pavel od studentsk\u00fdch let pracoval, ted zalo\u017eil: <strong>Verejnou sb\u00edrku k&nbsp;z\u00edsk\u00e1n\u00ed pene\u017eit\u00fdch pr\u00edspevku na pomoc vdove Eve Flachsov\u00e9 s&nbsp;detmi po predcasn\u00e9m \u00famrt\u00ed man\u017eela Pavla<\/strong>. Pokud byste t\u00edmto zpusobem chteli Pavlove rodine pomoci, vyu\u017eijte pros\u00edm bankovn\u00ed \u00facet <strong>115-3612100217\/0100 <\/strong>Komercn\u00ed banky. Dar ve v\u00fd\u0161i 1&nbsp;000 Kc a vy\u0161\u0161\u00ed poskytnut\u00fd pro tento \u00facel je odcitateln\u00fd od z\u00e1kladu dane pri rocn\u00edm z\u00factov\u00e1n\u00ed dane z&nbsp;pr\u00edjmu fyzick\u00fdch osob. Pro tento \u00facel V\u00e1m bude na Va\u0161i \u017e\u00e1dost vystaveno potvrzen\u00ed o poskytnut\u00ed daru. \u017d\u00e1dosti je mo\u017en\u00e9 zas\u00edlat na email: <a href=\"mailto:gabriela.bartejsova@fgu.cas.cz\">gabriela.bartejsova@fgu.cas.cz<\/a>.<\/p>\n<p style=\"text-align: justify;\">Verejnou sb\u00edrku lze konat na \u00fazem\u00ed Cesk\u00e9 republiky od 14.&nbsp;prosince 2016 do 31.&nbsp;ledna 2017.<\/p>\n<p style=\"text-align: justify;\">Dekujeme v\u0161em, kdo pomohou.<\/p>\n<p style=\"text-align: justify;\">\n<img decoding=\"async\" height=\"144\" src=\"https:\/\/fgu.cas.cz\/wp-content\/uploads\/2024\/07\/flachs.png\" width=\"144\" alt=\"-\" title=\"\"><\/p>\n","protected":false},"excerpt":{"rendered":"<p>V&nbsp;cervenci l.r. n\u00e1s opustil skvel\u00fd clovek a vynikaj\u00edc\u00ed vedec, RNDr. Pavel Flachs, Ph.D. Bylo mu necel\u00fdch 42 let. Fyziologick\u00fd \u00fastav, kde Pavel od studentsk\u00fdch let pracoval, ted zalo\u017eil: Verejnou sb\u00edrku k&nbsp;z\u00edsk\u00e1n\u00ed pene\u017eit\u00fdch pr\u00edspevku na pomoc vdove Eve Flachsov\u00e9 s&nbsp;detmi po predcasn\u00e9m \u00famrt\u00ed man\u017eela Pavla. Pokud byste t\u00edmto zpusobem chteli Pavlove rodine pomoci, vyu\u017eijte pros\u00edm bankovn\u00ed [&hellip;]<\/p>\n","protected":false},"author":1,"featured_media":7343,"comment_status":"closed","ping_status":"closed","sticky":false,"template":"","format":"standard","meta":{"_acf_changed":false,"inline_featured_image":false,"footnotes":""},"categories":[2],"tags":[],"class_list":["post-6839","post","type-post","status-publish","format-standard","has-post-thumbnail","hentry","category-other"],"acf":[],"_links":{"self":[{"href":"https:\/\/fgu.cas.cz\/en\/wp-json\/wp\/v2\/posts\/6839","targetHints":{"allow":["GET"]}}],"collection":[{"href":"https:\/\/fgu.cas.cz\/en\/wp-json\/wp\/v2\/posts"}],"about":[{"href":"https:\/\/fgu.cas.cz\/en\/wp-json\/wp\/v2\/types\/post"}],"author":[{"embeddable":true,"href":"https:\/\/fgu.cas.cz\/en\/wp-json\/wp\/v2\/users\/1"}],"replies":[{"embeddable":true,"href":"https:\/\/fgu.cas.cz\/en\/wp-json\/wp\/v2\/comments?post=6839"}],"version-history":[{"count":0,"href":"https:\/\/fgu.cas.cz\/en\/wp-json\/wp\/v2\/posts\/6839\/revisions"}],"wp:featuredmedia":[{"embeddable":true,"href":"https:\/\/fgu.cas.cz\/en\/wp-json\/wp\/v2\/media\/7343"}],"wp:attachment":[{"href":"https:\/\/fgu.cas.cz\/en\/wp-json\/wp\/v2\/media?parent=6839"}],"wp:term":[{"taxonomy":"category","embeddable":true,"href":"https:\/\/fgu.cas.cz\/en\/wp-json\/wp\/v2\/categories?post=6839"},{"taxonomy":"post_tag","embeddable":true,"href":"https:\/\/fgu.cas.cz\/en\/wp-json\/wp\/v2\/tags?post=6839"}],"curies":[{"name":"wp","href":"https:\/\/api.w.org\/{rel}","templated":true}]}}