{"id":6840,"date":"2016-12-21T00:00:00","date_gmt":"2016-12-20T23:00:00","guid":{"rendered":"https:\/\/fgu.antstudio.dev\/2016\/12\/hana-elicharova-ziskala-pametni-grant-m-roeselove\/"},"modified":"2024-07-23T11:37:20","modified_gmt":"2024-07-23T09:37:20","slug":"hana-elicharova-ziskala-pametni-grant-m-roeselove","status":"publish","type":"post","link":"https:\/\/fgu.cas.cz\/en\/2016\/12\/hana-elicharova-ziskala-pametni-grant-m-roeselove\/","title":{"rendered":"Hana Elicharov\u00e1 z\u00edskala pametn\u00ed grant M. Roeselov\u00e9"},"content":{"rendered":"<p style=\"text-align: justify;\">Dne 15.&nbsp;12.&nbsp;2016 byl Hane Elicharov\u00e9 z&nbsp;Oddelen\u00ed membr\u00e1nov\u00e9ho transportu udelen pametn\u00ed grant M. Roeselov\u00e9, jeho\u017e c\u00edlem je podporit nadejn\u00e9 mlad\u00e9 vedeck\u00e9 pracovn\u00edky, kter\u00ed chtej\u00ed sladit vysoce kompetitivn\u00ed v\u00fdzkumnou cinnost s&nbsp;rodinn\u00fdm \u017eivotem.<\/p>\n<p style=\"text-align: justify;\"><a href=\"http:\/\/www.uochb.cz\/web\/structure\/1495.html?lang=cz\" target=\"_blank\" rel=\"noopener\"><font color=\"#0066cc\">Pametn\u00ed grant Martiny Roeselov\u00e9 <\/font><\/a>mohou z\u00edskat vybran\u00ed Ph.D. studenti nebo postdoktorandi, kter\u00ed pecuj\u00ed o d\u00edte pred\u0161koln\u00edho veku a z\u00e1roven se aktivne venuj\u00ed vedeck\u00e9 pr\u00e1ci. Fond financn\u00edch prostredku \u00daOCHB byl vytvoren prostrednictv\u00edm financn\u00edch daru kolegu ned\u00e1vno zesnul\u00e9 Martiny Roeselov\u00e9, kter\u00e1 behem sv\u00e9 excelentn\u00ed vedeck\u00e9 kari\u00e9ry \u00faspe\u0161n\u00e9 vychovala sv\u00e9 tri deti. C\u00edlem podpory je pomoc vybran\u00fdm studentk\u00e1m ci studentum se aktivne venovat v\u00fdzkumn\u00e9 cinnosti pri zachov\u00e1n\u00ed mo\u017enosti kvalitne se postarat o sv\u00e9 d\u00edte. Vybran\u00fdm uchazeck\u00e1m\/uchazecum je jm\u00e9nem Martiny Roeselov\u00e9 poskytnuta podpora ve v\u00fd\u0161i 10&nbsp;000,- Kc mes\u00edcne po dobu 1 roku.<\/p>\n<p style=\"text-align: justify;\"><img decoding=\"async\" src=\"https:\/\/fgu.cas.cz\/wp-content\/uploads\/2024\/07\/roeselova-scaled.jpg\" style=\"width: 300px; height: 343px;\" alt=\"-\" title=\"\"><\/p>\n","protected":false},"excerpt":{"rendered":"<p>Dne 15.&nbsp;12.&nbsp;2016 byl Hane Elicharov\u00e9 z&nbsp;Oddelen\u00ed membr\u00e1nov\u00e9ho transportu udelen pametn\u00ed grant M. Roeselov\u00e9, jeho\u017e c\u00edlem je podporit nadejn\u00e9 mlad\u00e9 vedeck\u00e9 pracovn\u00edky, kter\u00ed chtej\u00ed sladit vysoce kompetitivn\u00ed v\u00fdzkumnou cinnost s&nbsp;rodinn\u00fdm \u017eivotem. Pametn\u00ed grant Martiny Roeselov\u00e9 mohou z\u00edskat vybran\u00ed Ph.D. studenti nebo postdoktorandi, kter\u00ed pecuj\u00ed o d\u00edte pred\u0161koln\u00edho veku a z\u00e1roven se aktivne venuj\u00ed vedeck\u00e9 pr\u00e1ci. Fond [&hellip;]<\/p>\n","protected":false},"author":1,"featured_media":7347,"comment_status":"closed","ping_status":"closed","sticky":false,"template":"","format":"standard","meta":{"_acf_changed":false,"inline_featured_image":false,"footnotes":""},"categories":[2],"tags":[],"class_list":["post-6840","post","type-post","status-publish","format-standard","has-post-thumbnail","hentry","category-other"],"acf":[],"_links":{"self":[{"href":"https:\/\/fgu.cas.cz\/en\/wp-json\/wp\/v2\/posts\/6840","targetHints":{"allow":["GET"]}}],"collection":[{"href":"https:\/\/fgu.cas.cz\/en\/wp-json\/wp\/v2\/posts"}],"about":[{"href":"https:\/\/fgu.cas.cz\/en\/wp-json\/wp\/v2\/types\/post"}],"author":[{"embeddable":true,"href":"https:\/\/fgu.cas.cz\/en\/wp-json\/wp\/v2\/users\/1"}],"replies":[{"embeddable":true,"href":"https:\/\/fgu.cas.cz\/en\/wp-json\/wp\/v2\/comments?post=6840"}],"version-history":[{"count":0,"href":"https:\/\/fgu.cas.cz\/en\/wp-json\/wp\/v2\/posts\/6840\/revisions"}],"wp:featuredmedia":[{"embeddable":true,"href":"https:\/\/fgu.cas.cz\/en\/wp-json\/wp\/v2\/media\/7347"}],"wp:attachment":[{"href":"https:\/\/fgu.cas.cz\/en\/wp-json\/wp\/v2\/media?parent=6840"}],"wp:term":[{"taxonomy":"category","embeddable":true,"href":"https:\/\/fgu.cas.cz\/en\/wp-json\/wp\/v2\/categories?post=6840"},{"taxonomy":"post_tag","embeddable":true,"href":"https:\/\/fgu.cas.cz\/en\/wp-json\/wp\/v2\/tags?post=6840"}],"curies":[{"name":"wp","href":"https:\/\/api.w.org\/{rel}","templated":true}]}}