{"id":6843,"date":"2017-01-26T00:00:00","date_gmt":"2017-01-25T23:00:00","guid":{"rendered":"https:\/\/fgu.antstudio.dev\/2017\/01\/chairman-of-the-polish-academy-of-sciences-jerzy-duszynski-visited-prague\/"},"modified":"2024-07-23T11:37:22","modified_gmt":"2024-07-23T09:37:22","slug":"chairman-of-the-polish-academy-of-sciences-jerzy-duszynski-visited-prague","status":"publish","type":"post","link":"https:\/\/fgu.cas.cz\/en\/2017\/01\/chairman-of-the-polish-academy-of-sciences-jerzy-duszynski-visited-prague\/","title":{"rendered":"Chairman of the Polish Academy of Sciences Jerzy Duszynski visited Prague"},"content":{"rendered":"<p style=\"text-align: justify;\">Prof. Duszynski, predn\u00ed polsk\u00fd biochemik a odborn\u00edk v&nbsp;oblasti bioenergetiky, je od roku 2015 prezidentem Polsk\u00e9 akademie ved. Ve sv\u00e9m v\u00fdzkumu se zab\u00fdv\u00e1 rol\u00ed mitochondri\u00ed ve fungov\u00e1n\u00ed bunky, mitochondri\u00e1ln\u00edmi a neurodegenerativn\u00edmi onemocnen\u00edmi a st\u00e1rnut\u00edm. V\u00fdzkumn\u00fd t\u00fdm prof. Duszynskeho spolupracuje s&nbsp;Fyziologick\u00fdm \u00fastavem AV CR na cel\u00e9 rade publikac\u00ed, pri re\u0161en\u00ed evropsk\u00fdch v\u00fdzkumn\u00fdch projektu a pr\u00edprave mezin\u00e1rodn\u00edch konferenc\u00ed a sympozi\u00ed.<\/p>\n<p style=\"text-align: justify;\">Pri pr\u00edle\u017eitosti n\u00e1v\u0161tevy prof. Jerzy Duszynskeho v&nbsp;Praze mu predseda Akademie ved CR prof. Jir\u00ed Draho\u0161 predal cestnou oborovou medaili Jana Evangelisty Purkyne za z\u00e1sluhy v&nbsp;biomedic\u00ednsk\u00fdch ved\u00e1ch. Polsk\u00e1 akademie ved a Akademie ved CR spolupracuj\u00ed na z\u00e1klade Dohody o vedeck\u00e9 spolupr\u00e1ci, podepsan\u00e9 v&nbsp;roce 2016, zejm\u00e9na v&nbsp;oblasti mobilitn\u00edch projektu.<\/p>\n<p style=\"text-align: justify;\"><a href=\"http:\/\/www.avcr.cz\/cs\/pro-media\/aktuality\/Predseda-Polske-akademie-ved-Jerzy-Duszynski-navstivil-Prahu\/\" target=\"_blank\" rel=\"noopener\"><font color=\"#0066cc\">V\u00edce<\/font><\/a><\/p>\n<p>&nbsp;<\/p>\n<p><img decoding=\"async\" src=\"https:\/\/fgu.cas.cz\/wp-content\/uploads\/2024\/07\/Poland01_resize.jpg\" style=\"width: 700px; height: 467px;\" alt=\"-\" title=\"\"><\/p>\n","protected":false},"excerpt":{"rendered":"<p>Prof. Duszynski, predn\u00ed polsk\u00fd biochemik a odborn\u00edk v&nbsp;oblasti bioenergetiky, je od roku 2015 prezidentem Polsk\u00e9 akademie ved. Ve sv\u00e9m v\u00fdzkumu se zab\u00fdv\u00e1 rol\u00ed mitochondri\u00ed ve fungov\u00e1n\u00ed bunky, mitochondri\u00e1ln\u00edmi a neurodegenerativn\u00edmi onemocnen\u00edmi a st\u00e1rnut\u00edm. V\u00fdzkumn\u00fd t\u00fdm prof. Duszynskeho spolupracuje s&nbsp;Fyziologick\u00fdm \u00fastavem AV CR na cel\u00e9 rade publikac\u00ed, pri re\u0161en\u00ed evropsk\u00fdch v\u00fdzkumn\u00fdch projektu a pr\u00edprave mezin\u00e1rodn\u00edch konferenc\u00ed [&hellip;]<\/p>\n","protected":false},"author":1,"featured_media":7356,"comment_status":"closed","ping_status":"closed","sticky":false,"template":"","format":"standard","meta":{"_acf_changed":false,"inline_featured_image":false,"footnotes":""},"categories":[2],"tags":[],"class_list":["post-6843","post","type-post","status-publish","format-standard","has-post-thumbnail","hentry","category-other"],"acf":[],"_links":{"self":[{"href":"https:\/\/fgu.cas.cz\/en\/wp-json\/wp\/v2\/posts\/6843","targetHints":{"allow":["GET"]}}],"collection":[{"href":"https:\/\/fgu.cas.cz\/en\/wp-json\/wp\/v2\/posts"}],"about":[{"href":"https:\/\/fgu.cas.cz\/en\/wp-json\/wp\/v2\/types\/post"}],"author":[{"embeddable":true,"href":"https:\/\/fgu.cas.cz\/en\/wp-json\/wp\/v2\/users\/1"}],"replies":[{"embeddable":true,"href":"https:\/\/fgu.cas.cz\/en\/wp-json\/wp\/v2\/comments?post=6843"}],"version-history":[{"count":0,"href":"https:\/\/fgu.cas.cz\/en\/wp-json\/wp\/v2\/posts\/6843\/revisions"}],"wp:featuredmedia":[{"embeddable":true,"href":"https:\/\/fgu.cas.cz\/en\/wp-json\/wp\/v2\/media\/7356"}],"wp:attachment":[{"href":"https:\/\/fgu.cas.cz\/en\/wp-json\/wp\/v2\/media?parent=6843"}],"wp:term":[{"taxonomy":"category","embeddable":true,"href":"https:\/\/fgu.cas.cz\/en\/wp-json\/wp\/v2\/categories?post=6843"},{"taxonomy":"post_tag","embeddable":true,"href":"https:\/\/fgu.cas.cz\/en\/wp-json\/wp\/v2\/tags?post=6843"}],"curies":[{"name":"wp","href":"https:\/\/api.w.org\/{rel}","templated":true}]}}