{"id":6847,"date":"2017-04-24T00:00:00","date_gmt":"2017-04-23T22:00:00","guid":{"rendered":"https:\/\/fgu.antstudio.dev\/2017\/04\/cenu-mudr-jana-burese-za-rok-2016-ziskal-rndr-vojtech-vyklicky-ph-d\/"},"modified":"2024-07-23T11:37:26","modified_gmt":"2024-07-23T09:37:26","slug":"cenu-mudr-jana-burese-za-rok-2016-ziskal-rndr-vojtech-vyklicky-ph-d","status":"publish","type":"post","link":"https:\/\/fgu.cas.cz\/en\/2017\/04\/cenu-mudr-jana-burese-za-rok-2016-ziskal-rndr-vojtech-vyklicky-ph-d\/","title":{"rendered":"Cenu MUDr. Jana Bure\u0161e za rok 2016 z\u00edskal RNDr. Vojtech Vyklick\u00fd, Ph.D."},"content":{"rendered":"<p style=\"text-align: justify;\">Cenu udeluje Alzheimer nadacn\u00ed fond za nejlep\u0161\u00ed odbornou publikaci mlad\u00fdch autoru (do 40 let), zamerenou na problematiku Alzheimerovy nemoci a demenc\u00ed v&nbsp;oblasti neurologie, psychiatrie, geriatrie a neuroved. Za rok 2016 j\u00ed z\u00edskal Vojtech Vyklick\u00fd z&nbsp;odd. Bunecn\u00e9 neurofyziologie.Gratulujeme!<\/p>\n","protected":false},"excerpt":{"rendered":"<p>Cenu udeluje Alzheimer nadacn\u00ed fond za nejlep\u0161\u00ed odbornou publikaci mlad\u00fdch autoru (do 40 let), zamerenou na problematiku Alzheimerovy nemoci a demenc\u00ed v&nbsp;oblasti neurologie, psychiatrie, geriatrie a neuroved. Za rok 2016 j\u00ed z\u00edskal Vojtech Vyklick\u00fd z&nbsp;odd. Bunecn\u00e9 neurofyziologie.Gratulujeme!<\/p>\n","protected":false},"author":1,"featured_media":55280,"comment_status":"closed","ping_status":"closed","sticky":false,"template":"","format":"standard","meta":{"_acf_changed":false,"inline_featured_image":false,"footnotes":""},"categories":[2],"tags":[],"class_list":["post-6847","post","type-post","status-publish","format-standard","has-post-thumbnail","hentry","category-other"],"acf":[],"_links":{"self":[{"href":"https:\/\/fgu.cas.cz\/en\/wp-json\/wp\/v2\/posts\/6847","targetHints":{"allow":["GET"]}}],"collection":[{"href":"https:\/\/fgu.cas.cz\/en\/wp-json\/wp\/v2\/posts"}],"about":[{"href":"https:\/\/fgu.cas.cz\/en\/wp-json\/wp\/v2\/types\/post"}],"author":[{"embeddable":true,"href":"https:\/\/fgu.cas.cz\/en\/wp-json\/wp\/v2\/users\/1"}],"replies":[{"embeddable":true,"href":"https:\/\/fgu.cas.cz\/en\/wp-json\/wp\/v2\/comments?post=6847"}],"version-history":[{"count":0,"href":"https:\/\/fgu.cas.cz\/en\/wp-json\/wp\/v2\/posts\/6847\/revisions"}],"wp:featuredmedia":[{"embeddable":true,"href":"https:\/\/fgu.cas.cz\/en\/wp-json\/wp\/v2\/media\/55280"}],"wp:attachment":[{"href":"https:\/\/fgu.cas.cz\/en\/wp-json\/wp\/v2\/media?parent=6847"}],"wp:term":[{"taxonomy":"category","embeddable":true,"href":"https:\/\/fgu.cas.cz\/en\/wp-json\/wp\/v2\/categories?post=6847"},{"taxonomy":"post_tag","embeddable":true,"href":"https:\/\/fgu.cas.cz\/en\/wp-json\/wp\/v2\/tags?post=6847"}],"curies":[{"name":"wp","href":"https:\/\/api.w.org\/{rel}","templated":true}]}}