{"id":6853,"date":"2017-08-14T00:00:00","date_gmt":"2017-08-13T22:00:00","guid":{"rendered":"https:\/\/fgu.antstudio.dev\/2017\/08\/obituary-rndr-tomas-soukup-csc\/"},"modified":"2024-07-23T11:37:32","modified_gmt":"2024-07-23T09:37:32","slug":"obituary-rndr-tomas-soukup-csc","status":"publish","type":"post","link":"https:\/\/fgu.cas.cz\/en\/2017\/08\/obituary-rndr-tomas-soukup-csc\/","title":{"rendered":"Obituary RNDr. Tom\u00e1\u0161 Soukup, CSc."},"content":{"rendered":"<p>S&nbsp;l\u00edtost\u00ed oznamujeme akademick\u00e9 obci, \u017ee n\u00e1s&nbsp;opustil n\u00e1\u0161 kolega a kamar\u00e1d RNDr.&nbsp;Tom\u00e1\u0161 Soukup, CSc. Doktor Soukup byl v&nbsp;dlouhodob\u00e9m kritick\u00e9m stavu po tragick\u00e9 dopravn\u00ed nehode a zemrel dne 29.&nbsp;cervence 2017 ve veku 69 let.<\/p>\n<p>Tom\u00e1\u0161 byl v\u00fdznamn\u00fdm a dlouholet\u00fdm pracovn\u00edkem Fyziologick\u00e9ho \u00fastavu Akademie ved, kde pusobil jako vedouc\u00ed a jako pracovn\u00edk oddelen\u00ed Funkcn\u00ed Morfologie. Behem sv\u00e9 odborn\u00e9 kari\u00e9ry se venoval zejm\u00e9na v\u00fdzkumu svalov\u00fdch receptoru a svalov\u00fdch myosinu. Publikoval na toto t\u00e9ma celou radu prac\u00ed v&nbsp;presti\u017en\u00edch zahranicn\u00edch casopisech, byl re\u0161itelem cesk\u00fdch i zahranicn\u00edch grantu, \u0161kolitelem studentu a organizoval nekolik mezin\u00e1rodn\u00edch sympozi\u00ed. V&nbsp;posledn\u00edch letech byl tak\u00e9 jedn\u00edm z&nbsp;hlavn\u00edch organiz\u00e1toru mezin\u00e1rodn\u00ed biologick\u00e9 olympi\u00e1dy, kde pom\u00e1hal studentum stredn\u00edch \u0161kol proniknout do taju studia biologick\u00fdch ved a pod jeho veden\u00edm z\u00edskaly t\u00fdmy z&nbsp;Cesk\u00e9 republiky radu mezin\u00e1rodn\u00edch \u00faspechu. Velk\u00fdm pr\u00ednosem pro \u00fastav a&nbsp;studenty byla tak\u00e9 jeho ochota podelit se o sv\u00e9 bohat\u00e9 zku\u0161enosti a znalosti v&nbsp;oblasti mikroskopick\u00fdch, elektron-mikroskopick\u00fdch a imuno-histologick\u00fdch technik. Jeho optimismus, trpelivost a&nbsp;odborn\u00e1 erudice byly n\u00e1m v\u0161em cenn\u00fdm pr\u00edkladem. S&nbsp;Tom\u00e1\u0161ov\u00fdm odchodem cesk\u00e1 veda a Fyziologick\u00fd \u00fastav ztr\u00e1c\u00ed v\u00fdznamn\u00e9ho vedce a skvel\u00e9ho cloveka. Cest jeho pam\u00e1tce.&nbsp;&nbsp;<\/p>\n<p>&nbsp;<\/p>\n<p><img decoding=\"async\" src=\"https:\/\/fgu.cas.cz\/wp-content\/uploads\/2024\/07\/2017_08_14_08_47_001.png\" style=\"width: 254px; height: 288px;\" alt=\"-\" title=\"\"><\/p>\n","protected":false},"excerpt":{"rendered":"<p>S&nbsp;l\u00edtost\u00ed oznamujeme akademick\u00e9 obci, \u017ee n\u00e1s&nbsp;opustil n\u00e1\u0161 kolega a kamar\u00e1d RNDr.&nbsp;Tom\u00e1\u0161 Soukup, CSc. Doktor Soukup byl v&nbsp;dlouhodob\u00e9m kritick\u00e9m stavu po tragick\u00e9 dopravn\u00ed nehode a zemrel dne 29.&nbsp;cervence 2017 ve veku 69 let. Tom\u00e1\u0161 byl v\u00fdznamn\u00fdm a dlouholet\u00fdm pracovn\u00edkem Fyziologick\u00e9ho \u00fastavu Akademie ved, kde pusobil jako vedouc\u00ed a jako pracovn\u00edk oddelen\u00ed Funkcn\u00ed Morfologie. Behem sv\u00e9 odborn\u00e9 [&hellip;]<\/p>\n","protected":false},"author":1,"featured_media":7395,"comment_status":"closed","ping_status":"closed","sticky":false,"template":"","format":"standard","meta":{"_acf_changed":false,"inline_featured_image":false,"footnotes":""},"categories":[2],"tags":[],"class_list":["post-6853","post","type-post","status-publish","format-standard","has-post-thumbnail","hentry","category-other"],"acf":[],"_links":{"self":[{"href":"https:\/\/fgu.cas.cz\/en\/wp-json\/wp\/v2\/posts\/6853","targetHints":{"allow":["GET"]}}],"collection":[{"href":"https:\/\/fgu.cas.cz\/en\/wp-json\/wp\/v2\/posts"}],"about":[{"href":"https:\/\/fgu.cas.cz\/en\/wp-json\/wp\/v2\/types\/post"}],"author":[{"embeddable":true,"href":"https:\/\/fgu.cas.cz\/en\/wp-json\/wp\/v2\/users\/1"}],"replies":[{"embeddable":true,"href":"https:\/\/fgu.cas.cz\/en\/wp-json\/wp\/v2\/comments?post=6853"}],"version-history":[{"count":0,"href":"https:\/\/fgu.cas.cz\/en\/wp-json\/wp\/v2\/posts\/6853\/revisions"}],"wp:featuredmedia":[{"embeddable":true,"href":"https:\/\/fgu.cas.cz\/en\/wp-json\/wp\/v2\/media\/7395"}],"wp:attachment":[{"href":"https:\/\/fgu.cas.cz\/en\/wp-json\/wp\/v2\/media?parent=6853"}],"wp:term":[{"taxonomy":"category","embeddable":true,"href":"https:\/\/fgu.cas.cz\/en\/wp-json\/wp\/v2\/categories?post=6853"},{"taxonomy":"post_tag","embeddable":true,"href":"https:\/\/fgu.cas.cz\/en\/wp-json\/wp\/v2\/tags?post=6853"}],"curies":[{"name":"wp","href":"https:\/\/api.w.org\/{rel}","templated":true}]}}