{"id":6859,"date":"2017-12-21T00:00:00","date_gmt":"2017-12-20T23:00:00","guid":{"rendered":"https:\/\/fgu.antstudio.dev\/2017\/12\/helena-illnerova-received-the-josef-hlavka-medal\/"},"modified":"2024-07-23T11:37:38","modified_gmt":"2024-07-23T09:37:38","slug":"helena-illnerova-received-the-josef-hlavka-medal","status":"publish","type":"post","link":"https:\/\/fgu.cas.cz\/en\/2017\/12\/helena-illnerova-received-the-josef-hlavka-medal\/","title":{"rendered":"Helena Illnerov\u00e1 received the Josef Hl\u00e1vka Medal"},"content":{"rendered":"<p style=\"text-align: justify;\">Jednu z&nbsp;peti Medail\u00ed Josefa Hl\u00e1vky, kter\u00e1&nbsp;je urcena pro nestory a zakladatele cesk\u00e9 vedy, z\u00edskala <strong>prof. Helena Illnerov\u00e1<\/strong>. Prevzala ji 16.&nbsp;listopadu na z\u00e1mku Josefa Hl\u00e1vky v&nbsp;Lu\u017eanech u Pre\u0161tic. \u201eV\u017edy se zasazovala o pred\u00e1v\u00e1n\u00ed radosti z&nbsp;pozn\u00e1n\u00ed \u0161ir\u0161\u00ed spolecnosti a o povzbuzov\u00e1n\u00ed z\u00e1jmu mlad\u00fdch lid\u00ed o vedu. Sv\u00e9 znalosti a zku\u0161enosti pravidelne sd\u00edl\u00ed v&nbsp;m\u00e9di\u00edch, formou predn\u00e1\u0161ek a v&nbsp;nejruznej\u0161\u00edch odborn\u00fdch diskuz\u00edch,\u201c rekla v&nbsp;laudatiu predsedkyne Akademie ved Eva Za\u017e\u00edmalov\u00e1. <a href=\"http:\/\/www.avcr.cz\/cs\/pro-media\/aktuality\/Helena-Illnerova-je-hrdou-nositelkou-Medaile-Josefa-Hlavky\/\" target=\"_blank\" rel=\"noopener\"><font color=\"#0066cc\">V\u00edce<\/font><\/a><\/p>\n<p>\n<img decoding=\"async\" src=\"https:\/\/fgu.cas.cz\/wp-content\/uploads\/2024\/07\/M7A5614.jpg\" style=\"width: 650px; height: 433px;\" alt=\"-\" title=\"\"><\/p>\n<p><img decoding=\"async\" src=\"https:\/\/fgu.cas.cz\/wp-content\/uploads\/2024\/07\/M7A5738.jpg\" style=\"width: 650px; height: 433px;\" alt=\"-\" title=\"\"><\/p>\n","protected":false},"excerpt":{"rendered":"<p>Jednu z&nbsp;peti Medail\u00ed Josefa Hl\u00e1vky, kter\u00e1&nbsp;je urcena pro nestory a zakladatele cesk\u00e9 vedy, z\u00edskala prof. Helena Illnerov\u00e1. Prevzala ji 16.&nbsp;listopadu na z\u00e1mku Josefa Hl\u00e1vky v&nbsp;Lu\u017eanech u Pre\u0161tic. \u201eV\u017edy se zasazovala o pred\u00e1v\u00e1n\u00ed radosti z&nbsp;pozn\u00e1n\u00ed \u0161ir\u0161\u00ed spolecnosti a o povzbuzov\u00e1n\u00ed z\u00e1jmu mlad\u00fdch lid\u00ed o vedu. Sv\u00e9 znalosti a zku\u0161enosti pravidelne sd\u00edl\u00ed v&nbsp;m\u00e9di\u00edch, formou predn\u00e1\u0161ek a v&nbsp;nejruznej\u0161\u00edch [&hellip;]<\/p>\n","protected":false},"author":1,"featured_media":7416,"comment_status":"closed","ping_status":"closed","sticky":false,"template":"","format":"standard","meta":{"_acf_changed":false,"inline_featured_image":false,"footnotes":""},"categories":[2],"tags":[],"class_list":["post-6859","post","type-post","status-publish","format-standard","has-post-thumbnail","hentry","category-other"],"acf":[],"_links":{"self":[{"href":"https:\/\/fgu.cas.cz\/en\/wp-json\/wp\/v2\/posts\/6859","targetHints":{"allow":["GET"]}}],"collection":[{"href":"https:\/\/fgu.cas.cz\/en\/wp-json\/wp\/v2\/posts"}],"about":[{"href":"https:\/\/fgu.cas.cz\/en\/wp-json\/wp\/v2\/types\/post"}],"author":[{"embeddable":true,"href":"https:\/\/fgu.cas.cz\/en\/wp-json\/wp\/v2\/users\/1"}],"replies":[{"embeddable":true,"href":"https:\/\/fgu.cas.cz\/en\/wp-json\/wp\/v2\/comments?post=6859"}],"version-history":[{"count":0,"href":"https:\/\/fgu.cas.cz\/en\/wp-json\/wp\/v2\/posts\/6859\/revisions"}],"wp:featuredmedia":[{"embeddable":true,"href":"https:\/\/fgu.cas.cz\/en\/wp-json\/wp\/v2\/media\/7416"}],"wp:attachment":[{"href":"https:\/\/fgu.cas.cz\/en\/wp-json\/wp\/v2\/media?parent=6859"}],"wp:term":[{"taxonomy":"category","embeddable":true,"href":"https:\/\/fgu.cas.cz\/en\/wp-json\/wp\/v2\/categories?post=6859"},{"taxonomy":"post_tag","embeddable":true,"href":"https:\/\/fgu.cas.cz\/en\/wp-json\/wp\/v2\/tags?post=6859"}],"curies":[{"name":"wp","href":"https:\/\/api.w.org\/{rel}","templated":true}]}}