{"id":6864,"date":"2018-02-23T00:00:00","date_gmt":"2018-02-22T23:00:00","guid":{"rendered":"https:\/\/fgu.antstudio.dev\/2018\/02\/student-velemlok-prize-2017-gained-team-of-teachers-from-iphys\/"},"modified":"2024-07-23T11:37:43","modified_gmt":"2024-07-23T09:37:43","slug":"student-velemlok-prize-2017-gained-team-of-teachers-from-iphys","status":"publish","type":"post","link":"https:\/\/fgu.cas.cz\/en\/2018\/02\/student-velemlok-prize-2017-gained-team-of-teachers-from-iphys\/","title":{"rendered":"Student &#8220;Velemlok&#8221; Prize 2017 gained team of teachers from IPHYS"},"content":{"rendered":"<p style=\"text-align: justify;\">Cenu Studentsk\u00fd Velemlok pro nejlep\u0161\u00edho pedagoga v&nbsp;roce 2017 v&nbsp;oboru Biologie z\u00edskal <strong>kolektiv vyucuj\u00edc\u00edch RNDr. Jan Kru\u0161ek, CSc., RNDr. Viktorie Vlachov\u00e1,&nbsp;DrSc. a prof. RNDr. Franti\u0161ek Vyskocil, DrSc.<\/strong> za predmet Molekul\u00e1rn\u00ed podstata bunecn\u00e9 dr\u00e1\u017edivosti.<\/p>\n<p style=\"text-align: justify;\">Ocenen\u00ed prevzali&nbsp;z&nbsp;rukou dekana Pr\u00edrodovedeck\u00e9 fakulty Univerzity Karlovy prof. Jir\u00edho Zimy a predsedy akademick\u00e9ho sen\u00e1tu fakulty Dr. Radima Perl\u00edna v&nbsp;Praze 23.&nbsp;2.&nbsp;2018. Pedagogov\u00e9 jsou na toto ocenen\u00ed navrhov\u00e1ni studenty na z\u00e1klade nejlep\u0161\u00edch v\u00fdsledku hodnocen\u00ed jejich v\u00fduky ve studentsk\u00e9 ankete. <a href=\"https:\/\/www.natur.cuni.cz\/fakulta\/aktuality\/na-reprezentacnim-plese-byli-vyhlaseni-vitezove-ankety-studentsky-velemlok\" target=\"_blank\" rel=\"noopener\"><font color=\"#0066cc\">V\u00edce<\/font><\/a><\/p>\n<p style=\"text-align: justify;\">&nbsp;<\/p>\n<p style=\"text-align: justify;\"><img decoding=\"async\" src=\"https:\/\/fgu.cas.cz\/wp-content\/uploads\/2024\/07\/velemlok.png\" style=\"width: 625px; height: 416px;\" alt=\"-\" title=\"\"><\/p>\n","protected":false},"excerpt":{"rendered":"<p>Cenu Studentsk\u00fd Velemlok pro nejlep\u0161\u00edho pedagoga v&nbsp;roce 2017 v&nbsp;oboru Biologie z\u00edskal kolektiv vyucuj\u00edc\u00edch RNDr. Jan Kru\u0161ek, CSc., RNDr. Viktorie Vlachov\u00e1,&nbsp;DrSc. a prof. RNDr. Franti\u0161ek Vyskocil, DrSc. za predmet Molekul\u00e1rn\u00ed podstata bunecn\u00e9 dr\u00e1\u017edivosti. Ocenen\u00ed prevzali&nbsp;z&nbsp;rukou dekana Pr\u00edrodovedeck\u00e9 fakulty Univerzity Karlovy prof. Jir\u00edho Zimy a predsedy akademick\u00e9ho sen\u00e1tu fakulty Dr. Radima Perl\u00edna v&nbsp;Praze 23.&nbsp;2.&nbsp;2018. Pedagogov\u00e9 jsou na [&hellip;]<\/p>\n","protected":false},"author":1,"featured_media":7435,"comment_status":"closed","ping_status":"closed","sticky":false,"template":"","format":"standard","meta":{"_acf_changed":false,"inline_featured_image":false,"footnotes":""},"categories":[2],"tags":[],"class_list":["post-6864","post","type-post","status-publish","format-standard","has-post-thumbnail","hentry","category-other"],"acf":[],"_links":{"self":[{"href":"https:\/\/fgu.cas.cz\/en\/wp-json\/wp\/v2\/posts\/6864","targetHints":{"allow":["GET"]}}],"collection":[{"href":"https:\/\/fgu.cas.cz\/en\/wp-json\/wp\/v2\/posts"}],"about":[{"href":"https:\/\/fgu.cas.cz\/en\/wp-json\/wp\/v2\/types\/post"}],"author":[{"embeddable":true,"href":"https:\/\/fgu.cas.cz\/en\/wp-json\/wp\/v2\/users\/1"}],"replies":[{"embeddable":true,"href":"https:\/\/fgu.cas.cz\/en\/wp-json\/wp\/v2\/comments?post=6864"}],"version-history":[{"count":0,"href":"https:\/\/fgu.cas.cz\/en\/wp-json\/wp\/v2\/posts\/6864\/revisions"}],"wp:featuredmedia":[{"embeddable":true,"href":"https:\/\/fgu.cas.cz\/en\/wp-json\/wp\/v2\/media\/7435"}],"wp:attachment":[{"href":"https:\/\/fgu.cas.cz\/en\/wp-json\/wp\/v2\/media?parent=6864"}],"wp:term":[{"taxonomy":"category","embeddable":true,"href":"https:\/\/fgu.cas.cz\/en\/wp-json\/wp\/v2\/categories?post=6864"},{"taxonomy":"post_tag","embeddable":true,"href":"https:\/\/fgu.cas.cz\/en\/wp-json\/wp\/v2\/tags?post=6864"}],"curies":[{"name":"wp","href":"https:\/\/api.w.org\/{rel}","templated":true}]}}