{"id":6879,"date":"2018-09-18T00:00:00","date_gmt":"2018-09-17T22:00:00","guid":{"rendered":"https:\/\/fgu.antstudio.dev\/2018\/09\/lecture-hypertension-and-chronic-kidney-disease-causes-and-consequences-invitation\/"},"modified":"2024-07-23T11:37:55","modified_gmt":"2024-07-23T09:37:55","slug":"lecture-hypertension-and-chronic-kidney-disease-causes-and-consequences-invitation","status":"publish","type":"post","link":"https:\/\/fgu.cas.cz\/en\/2018\/09\/lecture-hypertension-and-chronic-kidney-disease-causes-and-consequences-invitation\/","title":{"rendered":"Lecture &#8220;Hypertension and chronic kidney disease &#8211; causes and consequences&#8221; invitation"},"content":{"rendered":"<p style=\"text-align: justify;\">Dovolujeme si v\u00e1s pozvat na dal\u0161\u00ed predn\u00e1\u0161ku z&nbsp;cyklu &#8220;Lidsk\u00e9 telo ve zdrav\u00ed i nemoci&#8221; s&nbsp;n\u00e1zvem &#8220;<strong>Hypertenze a chronick\u00e9 onemocnen\u00ed ledvin &#8211; pr\u00edciny a dusledky<\/strong>&#8220;. <strong>RNDr. Ivana Vaneckov\u00e1, DSc. a prof. MUDr. Vladim\u00edr Tesar, DrSc<\/strong>. predstav\u00ed experiment\u00e1ln\u00ed v\u00fdzkum hypertenze a l\u00e9cbu nemoc\u00ed ledvin. <strong>M\u00edsto a term\u00edn kon\u00e1n\u00ed: 3.&nbsp;r\u00edjna 2018, 17:00, Akademie ved CR, N\u00e1rodn\u00ed 3<\/strong>. Doporucujeme rezervaci m\u00edst predem.&nbsp;&nbsp;<\/p>\n<p style=\"text-align: justify;\"><img decoding=\"async\" src=\"https:\/\/fgu.cas.cz\/wp-content\/uploads\/2024\/07\/pozvanka_3.10.2018-scaled.jpg\" style=\"width: 700px; height: 991px;\" alt=\"-\" title=\"\"><\/p>\n","protected":false},"excerpt":{"rendered":"<p>Dovolujeme si v\u00e1s pozvat na dal\u0161\u00ed predn\u00e1\u0161ku z&nbsp;cyklu &#8220;Lidsk\u00e9 telo ve zdrav\u00ed i nemoci&#8221; s&nbsp;n\u00e1zvem &#8220;Hypertenze a chronick\u00e9 onemocnen\u00ed ledvin &#8211; pr\u00edciny a dusledky&#8220;. RNDr. Ivana Vaneckov\u00e1, DSc. a prof. MUDr. Vladim\u00edr Tesar, DrSc. predstav\u00ed experiment\u00e1ln\u00ed v\u00fdzkum hypertenze a l\u00e9cbu nemoc\u00ed ledvin. M\u00edsto a term\u00edn kon\u00e1n\u00ed: 3.&nbsp;r\u00edjna 2018, 17:00, Akademie ved CR, N\u00e1rodn\u00ed 3. Doporucujeme [&hellip;]<\/p>\n","protected":false},"author":1,"featured_media":7492,"comment_status":"closed","ping_status":"closed","sticky":false,"template":"","format":"standard","meta":{"_acf_changed":false,"inline_featured_image":false,"footnotes":""},"categories":[2],"tags":[],"class_list":["post-6879","post","type-post","status-publish","format-standard","has-post-thumbnail","hentry","category-other"],"acf":[],"_links":{"self":[{"href":"https:\/\/fgu.cas.cz\/en\/wp-json\/wp\/v2\/posts\/6879","targetHints":{"allow":["GET"]}}],"collection":[{"href":"https:\/\/fgu.cas.cz\/en\/wp-json\/wp\/v2\/posts"}],"about":[{"href":"https:\/\/fgu.cas.cz\/en\/wp-json\/wp\/v2\/types\/post"}],"author":[{"embeddable":true,"href":"https:\/\/fgu.cas.cz\/en\/wp-json\/wp\/v2\/users\/1"}],"replies":[{"embeddable":true,"href":"https:\/\/fgu.cas.cz\/en\/wp-json\/wp\/v2\/comments?post=6879"}],"version-history":[{"count":0,"href":"https:\/\/fgu.cas.cz\/en\/wp-json\/wp\/v2\/posts\/6879\/revisions"}],"wp:featuredmedia":[{"embeddable":true,"href":"https:\/\/fgu.cas.cz\/en\/wp-json\/wp\/v2\/media\/7492"}],"wp:attachment":[{"href":"https:\/\/fgu.cas.cz\/en\/wp-json\/wp\/v2\/media?parent=6879"}],"wp:term":[{"taxonomy":"category","embeddable":true,"href":"https:\/\/fgu.cas.cz\/en\/wp-json\/wp\/v2\/categories?post=6879"},{"taxonomy":"post_tag","embeddable":true,"href":"https:\/\/fgu.cas.cz\/en\/wp-json\/wp\/v2\/tags?post=6879"}],"curies":[{"name":"wp","href":"https:\/\/api.w.org\/{rel}","templated":true}]}}