{"id":6958,"date":"2021-01-28T00:00:00","date_gmt":"2021-01-27T23:00:00","guid":{"rendered":"https:\/\/fgu.antstudio.dev\/2021\/01\/prof-tomas-radils-memoirs\/"},"modified":"2024-07-23T11:38:52","modified_gmt":"2024-07-23T09:38:52","slug":"prof-tomas-radils-memoirs","status":"publish","type":"post","link":"https:\/\/fgu.cas.cz\/en\/2021\/01\/prof-tomas-radils-memoirs\/","title":{"rendered":"Prof. Tom\u00e1\u0161 Radil\u00b4s Memoirs"},"content":{"rendered":"<p style=\"text-align: justify;\">Prof. Tom\u00e1\u0161 Radil is an emeritus researcher at the Institute of Physiology. On the 76th anniversary of the return of Prof. Tom\u00e1\u0161 Radil from the Auschwitz concentration camp, the German <a href=\"https:\/\/www.welt.de\/geschichte\/zweiter-weltkrieg\/article225089261\/Befreiung-von-Auschwitz-Ueberlebt-dank-falscher-Diagnose.html\" target=\"_blank\" rel=\"noopener\">portal WELT.de refers to his biographical book &#8220;Ein bisschen Leben vor diesem Sterben. Mit 13 in Auschwitz&#8221;.<\/a><\/p>\n<p style=\"text-align: justify;\">&nbsp;<\/p>\n<p><img decoding=\"async\" src=\"https:\/\/fgu.cas.cz\/wp-content\/uploads\/2024\/07\/Tomas-radil-in-Birkenau-2006.jpg\" style=\"text-align: justify; width: 900px; height: 506px;\" alt=\"-\" title=\"\"><\/p>\n<p>&nbsp;<\/p>\n","protected":false},"excerpt":{"rendered":"<p>Prof. Tom\u00e1\u0161 Radil is an emeritus researcher at the Institute of Physiology. On the 76th anniversary of the return of Prof. Tom\u00e1\u0161 Radil from the Auschwitz concentration camp, the German portal WELT.de refers to his biographical book &#8220;Ein bisschen Leben vor diesem Sterben. Mit 13 in Auschwitz&#8221;. &nbsp; &nbsp;<\/p>\n","protected":false},"author":1,"featured_media":7680,"comment_status":"closed","ping_status":"closed","sticky":false,"template":"","format":"standard","meta":{"_acf_changed":false,"inline_featured_image":false,"footnotes":""},"categories":[2],"tags":[],"class_list":["post-6958","post","type-post","status-publish","format-standard","has-post-thumbnail","hentry","category-other"],"acf":[],"_links":{"self":[{"href":"https:\/\/fgu.cas.cz\/en\/wp-json\/wp\/v2\/posts\/6958","targetHints":{"allow":["GET"]}}],"collection":[{"href":"https:\/\/fgu.cas.cz\/en\/wp-json\/wp\/v2\/posts"}],"about":[{"href":"https:\/\/fgu.cas.cz\/en\/wp-json\/wp\/v2\/types\/post"}],"author":[{"embeddable":true,"href":"https:\/\/fgu.cas.cz\/en\/wp-json\/wp\/v2\/users\/1"}],"replies":[{"embeddable":true,"href":"https:\/\/fgu.cas.cz\/en\/wp-json\/wp\/v2\/comments?post=6958"}],"version-history":[{"count":0,"href":"https:\/\/fgu.cas.cz\/en\/wp-json\/wp\/v2\/posts\/6958\/revisions"}],"wp:featuredmedia":[{"embeddable":true,"href":"https:\/\/fgu.cas.cz\/en\/wp-json\/wp\/v2\/media\/7680"}],"wp:attachment":[{"href":"https:\/\/fgu.cas.cz\/en\/wp-json\/wp\/v2\/media?parent=6958"}],"wp:term":[{"taxonomy":"category","embeddable":true,"href":"https:\/\/fgu.cas.cz\/en\/wp-json\/wp\/v2\/categories?post=6958"},{"taxonomy":"post_tag","embeddable":true,"href":"https:\/\/fgu.cas.cz\/en\/wp-json\/wp\/v2\/tags?post=6958"}],"curies":[{"name":"wp","href":"https:\/\/api.w.org\/{rel}","templated":true}]}}