{"id":7023,"date":"2022-10-17T00:00:00","date_gmt":"2022-10-16T22:00:00","guid":{"rendered":"https:\/\/fgu.antstudio.dev\/2022\/10\/2nd-bilateral-meeting-with-the-nencki-institute-of-the-polish-academy-of-sciences-in-warsaw\/"},"modified":"2024-07-23T11:39:35","modified_gmt":"2024-07-23T09:39:35","slug":"2nd-bilateral-meeting-with-the-nencki-institute-of-the-polish-academy-of-sciences-in-warsaw","status":"publish","type":"post","link":"https:\/\/fgu.cas.cz\/en\/2022\/10\/2nd-bilateral-meeting-with-the-nencki-institute-of-the-polish-academy-of-sciences-in-warsaw\/","title":{"rendered":"2nd Bilateral meeting with the Nencki Institute of the Polish Academy of Sciences in Warsaw"},"content":{"rendered":"<p style=\"text-align: justify;\">Seven scientists from the Institute of Physiology CAS, including the director of the Institute, dr. Kopeck\u00fd, participated in the <a href=\"https:\/\/www.fgu.cas.cz\/upload\/files\/Programme_NENCKI_IPHYS_Conference.pdf\">2<sup>nd<\/sup> Bilateral meeting with the Nencki Institute of the Polish Academy of Sciences<\/a> in Warsaw on 10-12 October 2022. The staff of the Institute of Physiology presented the results of their research, especially in the field of metabolism and neurosciences. The aim of the conference was to mutually present selected scientific topics addressed at the individual institutes, whether they were topics addressed within the framework of ongoing joint grants or possibilities of future cooperation, including services (e.g. metabolomic analyses).<\/p>\n<p><img decoding=\"async\" src=\"https:\/\/www.fgu.cas.czhttps:\/\/www.fgu.cas.cz\/upload\/files\/_DSC2959_1.jpg\" style=\"width: 450px; height: 365px;\" alt=\"-\" title=\"\">&nbsp;&nbsp;<img decoding=\"async\" src=\"https:\/\/www.fgu.cas.czhttps:\/\/www.fgu.cas.cz\/upload\/files\/_DSC3168_1.jpg\" style=\"width: 450px; height: 333px;\" alt=\"-\" title=\"\"><\/p>\n<p><img decoding=\"async\" src=\"https:\/\/www.fgu.cas.czhttps:\/\/www.fgu.cas.cz\/upload\/files\/_DSC3102_1.jpg\" style=\"width: 450px; height: 306px;\" alt=\"-\" title=\"\">&nbsp;&nbsp;<img decoding=\"async\" src=\"https:\/\/www.fgu.cas.czhttps:\/\/www.fgu.cas.cz\/upload\/files\/_DSC3116_1.jpg\" style=\"width: 450px; height: 306px;\" alt=\"-\" title=\"\"><\/p>\n<p><em>above, from the left: Jerzy Duszynski, Agnieszka Dobrzyn, Jan Kopeck\u00fd; lecture of Tom\u00e1\u0161 Cajka<\/em><\/p>\n<p><em>bottom photo on the right:&nbsp;Adam Szewczyk&nbsp;<\/em><\/p>\n","protected":false},"excerpt":{"rendered":"<p>Seven scientists from the Institute of Physiology CAS, including the director of the Institute, dr. Kopeck\u00fd, participated in the 2nd Bilateral meeting with the Nencki Institute of the Polish Academy of Sciences in Warsaw on 10-12 October 2022. The staff of the Institute of Physiology presented the results of their research, especially in the field [&hellip;]<\/p>\n","protected":false},"author":1,"featured_media":6595,"comment_status":"closed","ping_status":"closed","sticky":false,"template":"","format":"standard","meta":{"_acf_changed":false,"inline_featured_image":false,"footnotes":""},"categories":[2],"tags":[],"class_list":["post-7023","post","type-post","status-publish","format-standard","has-post-thumbnail","hentry","category-other"],"acf":[],"_links":{"self":[{"href":"https:\/\/fgu.cas.cz\/en\/wp-json\/wp\/v2\/posts\/7023","targetHints":{"allow":["GET"]}}],"collection":[{"href":"https:\/\/fgu.cas.cz\/en\/wp-json\/wp\/v2\/posts"}],"about":[{"href":"https:\/\/fgu.cas.cz\/en\/wp-json\/wp\/v2\/types\/post"}],"author":[{"embeddable":true,"href":"https:\/\/fgu.cas.cz\/en\/wp-json\/wp\/v2\/users\/1"}],"replies":[{"embeddable":true,"href":"https:\/\/fgu.cas.cz\/en\/wp-json\/wp\/v2\/comments?post=7023"}],"version-history":[{"count":0,"href":"https:\/\/fgu.cas.cz\/en\/wp-json\/wp\/v2\/posts\/7023\/revisions"}],"wp:featuredmedia":[{"embeddable":true,"href":"https:\/\/fgu.cas.cz\/en\/wp-json\/wp\/v2\/media\/6595"}],"wp:attachment":[{"href":"https:\/\/fgu.cas.cz\/en\/wp-json\/wp\/v2\/media?parent=7023"}],"wp:term":[{"taxonomy":"category","embeddable":true,"href":"https:\/\/fgu.cas.cz\/en\/wp-json\/wp\/v2\/categories?post=7023"},{"taxonomy":"post_tag","embeddable":true,"href":"https:\/\/fgu.cas.cz\/en\/wp-json\/wp\/v2\/tags?post=7023"}],"curies":[{"name":"wp","href":"https:\/\/api.w.org\/{rel}","templated":true}]}}