{"id":7078,"date":"2024-03-26T00:00:00","date_gmt":"2024-03-25T23:00:00","guid":{"rendered":"https:\/\/fgu.antstudio.dev\/2024\/03\/invitation-to-the-lecture-maternal-milk-white-gold\/"},"modified":"2024-07-23T11:40:06","modified_gmt":"2024-07-23T09:40:06","slug":"invitation-to-the-lecture-maternal-milk-white-gold","status":"publish","type":"post","link":"https:\/\/fgu.cas.cz\/en\/2024\/03\/invitation-to-the-lecture-maternal-milk-white-gold\/","title":{"rendered":"Invitation to the lecture &#8221; Maternal Milk &#8211; White Gold&#8221;"},"content":{"rendered":"<p style=\"text-align: justify;\"><span style=\"text-align: justify;\">Dovolujeme si v\u00e1s pozvat na predn\u00e1\u0161ku &#8220;<\/span><strong style=\"text-align: justify;\"><a href=\"https:\/\/www.fgu.cas.czhttps:\/\/www.fgu.cas.cz\/upload\/files\/pozvanka_2024.pdf\">Matersk\u00e9 ml\u00e9ko- b\u00edl\u00e9 zlato<\/a><\/strong><span style=\"text-align: justify;\">&#8220;.&nbsp;<\/span><strong style=\"text-align: justify;\">Predn\u00e1\u0161\u00ed: Ondrej Kuda (FG\u00da AV CR) a Marcela Kr\u00ed\u017eov\u00e1 (\u00dastav pro p\u00e9ci o matku a d\u00edte)<\/strong><br style=\"text-align: justify;\" \/><br \/>\n<span style=\"text-align: justify;\">Predn\u00e1\u0161ku por\u00e1d\u00e1 FG\u00da v&nbsp;r\u00e1mci cyklu &#8220;Lidsk\u00e9 telo ve zdrav\u00ed i nemoci&#8221;. Cyklus predn\u00e1\u0161ek &#8220;Lidsk\u00e9 telo ve zdrav\u00ed i nemoci&#8221; pribli\u017euje zkoum\u00e1n\u00ed podstaty z\u00e1va\u017en\u00fdch onemocnen\u00ed cloveka v&nbsp;laborator\u00edch FG\u00da a z\u00e1roven predstavuje vz\u00e1jemnou a nepostradatelnou spolupr\u00e1ci vedcu s&nbsp;klinick\u00fdmi l\u00e9kari.<\/span><\/p>\n<p><img decoding=\"async\" src=\"https:\/\/www.fgu.cas.czhttps:\/\/www.fgu.cas.cz\/upload\/files\/pozvanka_2024.jpg\" style=\"width: 700px; height: 991px;\" alt=\"-\" title=\"\"><\/p>\n","protected":false},"excerpt":{"rendered":"<p>Dovolujeme si v\u00e1s pozvat na predn\u00e1\u0161ku &#8220;Matersk\u00e9 ml\u00e9ko- b\u00edl\u00e9 zlato&#8220;.&nbsp;Predn\u00e1\u0161\u00ed: Ondrej Kuda (FG\u00da AV CR) a Marcela Kr\u00ed\u017eov\u00e1 (\u00dastav pro p\u00e9ci o matku a d\u00edte) Predn\u00e1\u0161ku por\u00e1d\u00e1 FG\u00da v&nbsp;r\u00e1mci cyklu &#8220;Lidsk\u00e9 telo ve zdrav\u00ed i nemoci&#8221;. Cyklus predn\u00e1\u0161ek &#8220;Lidsk\u00e9 telo ve zdrav\u00ed i nemoci&#8221; pribli\u017euje zkoum\u00e1n\u00ed podstaty z\u00e1va\u017en\u00fdch onemocnen\u00ed cloveka v&nbsp;laborator\u00edch FG\u00da a z\u00e1roven predstavuje [&hellip;]<\/p>\n","protected":false},"author":1,"featured_media":6690,"comment_status":"closed","ping_status":"closed","sticky":false,"template":"","format":"standard","meta":{"_acf_changed":false,"inline_featured_image":false,"footnotes":""},"categories":[2],"tags":[],"class_list":["post-7078","post","type-post","status-publish","format-standard","has-post-thumbnail","hentry","category-other"],"acf":[],"_links":{"self":[{"href":"https:\/\/fgu.cas.cz\/en\/wp-json\/wp\/v2\/posts\/7078","targetHints":{"allow":["GET"]}}],"collection":[{"href":"https:\/\/fgu.cas.cz\/en\/wp-json\/wp\/v2\/posts"}],"about":[{"href":"https:\/\/fgu.cas.cz\/en\/wp-json\/wp\/v2\/types\/post"}],"author":[{"embeddable":true,"href":"https:\/\/fgu.cas.cz\/en\/wp-json\/wp\/v2\/users\/1"}],"replies":[{"embeddable":true,"href":"https:\/\/fgu.cas.cz\/en\/wp-json\/wp\/v2\/comments?post=7078"}],"version-history":[{"count":0,"href":"https:\/\/fgu.cas.cz\/en\/wp-json\/wp\/v2\/posts\/7078\/revisions"}],"wp:featuredmedia":[{"embeddable":true,"href":"https:\/\/fgu.cas.cz\/en\/wp-json\/wp\/v2\/media\/6690"}],"wp:attachment":[{"href":"https:\/\/fgu.cas.cz\/en\/wp-json\/wp\/v2\/media?parent=7078"}],"wp:term":[{"taxonomy":"category","embeddable":true,"href":"https:\/\/fgu.cas.cz\/en\/wp-json\/wp\/v2\/categories?post=7078"},{"taxonomy":"post_tag","embeddable":true,"href":"https:\/\/fgu.cas.cz\/en\/wp-json\/wp\/v2\/tags?post=7078"}],"curies":[{"name":"wp","href":"https:\/\/api.w.org\/{rel}","templated":true}]}}