{"id":7084,"date":"2024-04-26T00:00:00","date_gmt":"2024-04-25T22:00:00","guid":{"rendered":"https:\/\/fgu.antstudio.dev\/2024\/04\/ondrej-kuda-a-marcela-krizova-zaujali-prednaskou-materske-mleko-bile-zlato\/"},"modified":"2024-07-23T11:40:08","modified_gmt":"2024-07-23T09:40:08","slug":"ondrej-kuda-a-marcela-krizova-zaujali-prednaskou-materske-mleko-bile-zlato","status":"publish","type":"post","link":"https:\/\/fgu.cas.cz\/en\/2024\/04\/ondrej-kuda-a-marcela-krizova-zaujali-prednaskou-materske-mleko-bile-zlato\/","title":{"rendered":"Ondrej Kuda a Marcela Kr\u00ed\u017eov\u00e1 zaujali predn\u00e1\u0161kou &#8220;Matersk\u00e9 ml\u00e9ko &#8211; b\u00edl\u00e9 zlato&#8221;"},"content":{"rendered":"<p style=\"text-align: justify;\">Matersk\u00e9 ml\u00e9ko je nenahraditeln\u00fdm zdrojem v\u00fd\u017eivy, kter\u00e9 se sv\u00fdm slo\u017een\u00edm prizpusobuje individu\u00e1ln\u00edm potreb\u00e1m miminka.&nbsp;Velice zaj\u00edmav\u00e1 predn\u00e1\u0161ka na t\u00e9ma unik\u00e1tnosti a&nbsp;nenahraditelnosti&nbsp;matersk\u00e9ho ml\u00e9ka pro v\u00fd\u017eivu novorozencu&nbsp;probehla 24.4.&nbsp;v&nbsp;Akademii ved na N\u00e1rodn\u00ed tr\u00edde. Ondrej Kuda z&nbsp;FG\u00da popsal vlastnosti matersk\u00e9ho ml\u00e9ka ve spojitosti s&nbsp;nov\u00fdmi zji\u0161ten\u00edmi a vyzdvihl pr\u00ednos spolupr\u00e1ce s&nbsp;<a href=\"https:\/\/www.upmd.cz\/\" target=\"_blank\" rel=\"noopener\">\u00dastavem pro matku a d\u00edte v&nbsp;Podol\u00ed<\/a>. Marcela Kr\u00ed\u017eov\u00e1 z&nbsp;\u00dastavu pro matku a d\u00edte v&nbsp;Podol\u00ed pribl\u00ed\u017eila fungov\u00e1n\u00ed Banky materskeho mleka v&nbsp;\u00daPMD a popsala napr. nov\u00e9 postupy pri p\u00e9ci o&nbsp;<span style=\"color: rgb(5, 5, 5); font-family: &quot;Segoe UI Historic&quot;, &quot;Segoe UI&quot;, Helvetica, Arial, sans-serif; font-size: 15px; white-space-collapse: preserve;\">nedono\u0161en\u00e9 novorozence.<\/span><\/p>\n<p style=\"text-align: justify;\">Predn\u00e1\u0161ku byla realizov\u00e1na v&nbsp;r\u00e1mci cyklu &#8220;Lidsk\u00e9 telo ve zdrav\u00ed i nemoci&#8221;. Cyklus predn\u00e1\u0161ek &#8220;<a href=\"https:\/\/www.fgu.cas.cz\/about\/571-lidske-telo-ve-zdravi-i-nemoci\">Lidsk\u00e9 telo ve zdrav\u00ed i nemoci<\/a>&#8221; pribli\u017euje zkoum\u00e1n\u00ed podstaty z\u00e1va\u017en\u00fdch onemocnen\u00ed cloveka v&nbsp;laborator\u00edch FG\u00da&nbsp;a z\u00e1roven predstavuje vz\u00e1jemnou a nepostradatelnou spolupr\u00e1ci&nbsp;vedcu s&nbsp;klinick\u00fdmi l\u00e9kari. Dal\u0161\u00ed predn\u00e1\u0161ka bude venov\u00e1na t\u00e9matu Alzheimerovy nemoci jej\u00ed\u017e \u00faskal\u00ed a specifika v&nbsp;souvislosti s&nbsp;naru\u0161enou prostorovou pamet\u00ed pribl\u00ed\u017e\u00ed Jan Svoboda&nbsp;(FG\u00da AV CR)&nbsp;a&nbsp;Jan Lacz\u00f3&nbsp;(Neurologick\u00e1 klinika 2.LF UK a FN Motol). Predn\u00e1\u0161ka se bude konat 20.&nbsp;listopadu od 17 hod. v&nbsp;Akademii ved na N\u00e1rodn\u00ed tr\u00edde.<\/p>\n<p><img decoding=\"async\" src=\"https:\/\/www.fgu.cas.czhttps:\/\/www.fgu.cas.cz\/upload\/files\/vybrana 24.4. - kopie.JPG\" style=\"width: 800px; height: 427px;\" alt=\"-\" title=\"\"><\/p>\n","protected":false},"excerpt":{"rendered":"<p>Matersk\u00e9 ml\u00e9ko je nenahraditeln\u00fdm zdrojem v\u00fd\u017eivy, kter\u00e9 se sv\u00fdm slo\u017een\u00edm prizpusobuje individu\u00e1ln\u00edm potreb\u00e1m miminka.&nbsp;Velice zaj\u00edmav\u00e1 predn\u00e1\u0161ka na t\u00e9ma unik\u00e1tnosti a&nbsp;nenahraditelnosti&nbsp;matersk\u00e9ho ml\u00e9ka pro v\u00fd\u017eivu novorozencu&nbsp;probehla 24.4.&nbsp;v&nbsp;Akademii ved na N\u00e1rodn\u00ed tr\u00edde. Ondrej Kuda z&nbsp;FG\u00da popsal vlastnosti matersk\u00e9ho ml\u00e9ka ve spojitosti s&nbsp;nov\u00fdmi zji\u0161ten\u00edmi a vyzdvihl pr\u00ednos spolupr\u00e1ce s&nbsp;\u00dastavem pro matku a d\u00edte v&nbsp;Podol\u00ed. Marcela Kr\u00ed\u017eov\u00e1 z&nbsp;\u00dastavu pro matku [&hellip;]<\/p>\n","protected":false},"author":1,"featured_media":6698,"comment_status":"closed","ping_status":"closed","sticky":false,"template":"","format":"standard","meta":{"_acf_changed":false,"inline_featured_image":false,"footnotes":""},"categories":[2],"tags":[],"class_list":["post-7084","post","type-post","status-publish","format-standard","has-post-thumbnail","hentry","category-other"],"acf":[],"_links":{"self":[{"href":"https:\/\/fgu.cas.cz\/en\/wp-json\/wp\/v2\/posts\/7084","targetHints":{"allow":["GET"]}}],"collection":[{"href":"https:\/\/fgu.cas.cz\/en\/wp-json\/wp\/v2\/posts"}],"about":[{"href":"https:\/\/fgu.cas.cz\/en\/wp-json\/wp\/v2\/types\/post"}],"author":[{"embeddable":true,"href":"https:\/\/fgu.cas.cz\/en\/wp-json\/wp\/v2\/users\/1"}],"replies":[{"embeddable":true,"href":"https:\/\/fgu.cas.cz\/en\/wp-json\/wp\/v2\/comments?post=7084"}],"version-history":[{"count":0,"href":"https:\/\/fgu.cas.cz\/en\/wp-json\/wp\/v2\/posts\/7084\/revisions"}],"wp:featuredmedia":[{"embeddable":true,"href":"https:\/\/fgu.cas.cz\/en\/wp-json\/wp\/v2\/media\/6698"}],"wp:attachment":[{"href":"https:\/\/fgu.cas.cz\/en\/wp-json\/wp\/v2\/media?parent=7084"}],"wp:term":[{"taxonomy":"category","embeddable":true,"href":"https:\/\/fgu.cas.cz\/en\/wp-json\/wp\/v2\/categories?post=7084"},{"taxonomy":"post_tag","embeddable":true,"href":"https:\/\/fgu.cas.cz\/en\/wp-json\/wp\/v2\/tags?post=7084"}],"curies":[{"name":"wp","href":"https:\/\/api.w.org\/{rel}","templated":true}]}}